{"id":1104,"date":"2018-10-02T11:56:37","date_gmt":"2018-10-02T11:56:37","guid":{"rendered":"http:\/\/hamvasintezet.hu\/?p=1104"},"modified":"2018-10-03T13:34:42","modified_gmt":"2018-10-03T13:34:42","slug":"the-situation-of-transylvanian-hungarians-between-1916-and-1919","status":"publish","type":"post","link":"https:\/\/www.hamvasintezet.hu\/en\/the-situation-of-transylvanian-hungarians-between-1916-and-1919\/","title":{"rendered":"The situation of Transylvanian Hungarians between 1916 and 1919"},"content":{"rendered":"<p>The study gives a fascinating insight into the history of Transylvania in a changing world through church chronicles (\u201chistoria domus\u201d) and other previously unpublished sources, pointing to the local effects of the events of the revolution of 1918-19, the clashes between Hungarian and Romanian ideas regarding the future of Transylvania, the chain of military events, the battles of the Sz\u00e9kely Division, and the degradation process of the social structure of of the Transylvanian Hungarian clerical class during the \u201dshift of empires\u201d.<\/p>\n","protected":false},"excerpt":{"rendered":"<p>The study gives a fascinating insight into the history of Transylvania in a changing world through church chronicles (\u201chistoria domus\u201d) [&hellip;]<\/p>\n","protected":false},"author":1,"featured_media":922,"comment_status":"closed","ping_status":"closed","sticky":false,"template":"","format":"standard","meta":{"footnotes":""},"categories":[34],"tags":[],"class_list":["post-1104","post","type-post","status-publish","format-standard","has-post-thumbnail","hentry","category-books"],"yoast_head":"<!-- This site is optimized with the Yoast SEO plugin v27.1.1 - https:\/\/yoast.com\/product\/yoast-seo-wordpress\/ -->\n<title>The situation of Transylvanian Hungarians between 1916 and 1919 - Hankiss \u00c1gnes Int\u00e9zet<\/title>\n<meta name=\"robots\" content=\"index, follow, max-snippet:-1, max-image-preview:large, max-video-preview:-1\" \/>\n<link rel=\"canonical\" href=\"https:\/\/www.hamvasintezet.hu\/en\/the-situation-of-transylvanian-hungarians-between-1916-and-1919\/\" \/>\n<meta property=\"og:locale\" content=\"en_US\" \/>\n<meta property=\"og:type\" content=\"article\" \/>\n<meta property=\"og:title\" content=\"The situation of Transylvanian Hungarians between 1916 and 1919 - Hankiss \u00c1gnes Int\u00e9zet\" \/>\n<meta property=\"og:description\" content=\"The study gives a fascinating insight into the history of Transylvania in a changing world through church chronicles (\u201chistoria domus\u201d) [&hellip;]\" \/>\n<meta property=\"og:url\" content=\"https:\/\/www.hamvasintezet.hu\/en\/the-situation-of-transylvanian-hungarians-between-1916-and-1919\/\" \/>\n<meta property=\"og:site_name\" content=\"Hankiss \u00c1gnes Int\u00e9zet\" \/>\n<meta property=\"article:published_time\" content=\"2018-10-02T11:56:37+00:00\" \/>\n<meta property=\"article:modified_time\" content=\"2018-10-03T13:34:42+00:00\" \/>\n<meta property=\"og:image\" content=\"https:\/\/www.hamvasintezet.hu\/wp-content\/uploads\/2018\/10\/06409df82916518f41e31c526d9eab141378ab3c.jpg.jpg\" \/>\n\t<meta property=\"og:image:width\" content=\"241\" \/>\n\t<meta property=\"og:image:height\" content=\"342\" \/>\n\t<meta property=\"og:image:type\" content=\"image\/jpeg\" \/>\n<meta name=\"author\" content=\"benedict\" \/>\n<meta name=\"twitter:card\" content=\"summary_large_image\" \/>\n<meta name=\"twitter:label1\" content=\"Written by\" \/>\n\t<meta name=\"twitter:data1\" content=\"benedict\" \/>\n<script type=\"application\/ld+json\" class=\"yoast-schema-graph\">{\"@context\":\"https:\/\/schema.org\",\"@graph\":[{\"@type\":\"Article\",\"@id\":\"https:\/\/www.hamvasintezet.hu\/en\/the-situation-of-transylvanian-hungarians-between-1916-and-1919\/#article\",\"isPartOf\":{\"@id\":\"https:\/\/www.hamvasintezet.hu\/en\/the-situation-of-transylvanian-hungarians-between-1916-and-1919\/\"},\"author\":{\"name\":\"benedict\",\"@id\":\"https:\/\/www.hamvasintezet.hu\/#\/schema\/person\/c5efa43fe479502dfb9257446bcb9f7f\"},\"headline\":\"The situation of Transylvanian Hungarians between 1916 and 1919\",\"datePublished\":\"2018-10-02T11:56:37+00:00\",\"dateModified\":\"2018-10-03T13:34:42+00:00\",\"mainEntityOfPage\":{\"@id\":\"https:\/\/www.hamvasintezet.hu\/en\/the-situation-of-transylvanian-hungarians-between-1916-and-1919\/\"},\"wordCount\":89,\"publisher\":{\"@id\":\"https:\/\/www.hamvasintezet.hu\/#organization\"},\"image\":{\"@id\":\"https:\/\/www.hamvasintezet.hu\/en\/the-situation-of-transylvanian-hungarians-between-1916-and-1919\/#primaryimage\"},\"thumbnailUrl\":\"https:\/\/www.hamvasintezet.hu\/wp-content\/uploads\/2018\/10\/06409df82916518f41e31c526d9eab141378ab3c.jpg.jpg\",\"articleSection\":[\"Books\"],\"inLanguage\":\"en-US\"},{\"@type\":\"WebPage\",\"@id\":\"https:\/\/www.hamvasintezet.hu\/en\/the-situation-of-transylvanian-hungarians-between-1916-and-1919\/\",\"url\":\"https:\/\/www.hamvasintezet.hu\/en\/the-situation-of-transylvanian-hungarians-between-1916-and-1919\/\",\"name\":\"The situation of Transylvanian Hungarians between 1916 and 1919 - Hankiss \u00c1gnes Int\u00e9zet\",\"isPartOf\":{\"@id\":\"https:\/\/www.hamvasintezet.hu\/#website\"},\"primaryImageOfPage\":{\"@id\":\"https:\/\/www.hamvasintezet.hu\/en\/the-situation-of-transylvanian-hungarians-between-1916-and-1919\/#primaryimage\"},\"image\":{\"@id\":\"https:\/\/www.hamvasintezet.hu\/en\/the-situation-of-transylvanian-hungarians-between-1916-and-1919\/#primaryimage\"},\"thumbnailUrl\":\"https:\/\/www.hamvasintezet.hu\/wp-content\/uploads\/2018\/10\/06409df82916518f41e31c526d9eab141378ab3c.jpg.jpg\",\"datePublished\":\"2018-10-02T11:56:37+00:00\",\"dateModified\":\"2018-10-03T13:34:42+00:00\",\"breadcrumb\":{\"@id\":\"https:\/\/www.hamvasintezet.hu\/en\/the-situation-of-transylvanian-hungarians-between-1916-and-1919\/#breadcrumb\"},\"inLanguage\":\"en-US\",\"potentialAction\":[{\"@type\":\"ReadAction\",\"target\":[\"https:\/\/www.hamvasintezet.hu\/en\/the-situation-of-transylvanian-hungarians-between-1916-and-1919\/\"]}]},{\"@type\":\"ImageObject\",\"inLanguage\":\"en-US\",\"@id\":\"https:\/\/www.hamvasintezet.hu\/en\/the-situation-of-transylvanian-hungarians-between-1916-and-1919\/#primaryimage\",\"url\":\"https:\/\/www.hamvasintezet.hu\/wp-content\/uploads\/2018\/10\/06409df82916518f41e31c526d9eab141378ab3c.jpg.jpg\",\"contentUrl\":\"https:\/\/www.hamvasintezet.hu\/wp-content\/uploads\/2018\/10\/06409df82916518f41e31c526d9eab141378ab3c.jpg.jpg\",\"width\":241,\"height\":342},{\"@type\":\"BreadcrumbList\",\"@id\":\"https:\/\/www.hamvasintezet.hu\/en\/the-situation-of-transylvanian-hungarians-between-1916-and-1919\/#breadcrumb\",\"itemListElement\":[{\"@type\":\"ListItem\",\"position\":1,\"name\":\"Home\",\"item\":\"https:\/\/www.hamvasintezet.hu\/en\/\"},{\"@type\":\"ListItem\",\"position\":2,\"name\":\"The situation of Transylvanian Hungarians between 1916 and 1919\"}]},{\"@type\":\"WebSite\",\"@id\":\"https:\/\/www.hamvasintezet.hu\/#website\",\"url\":\"https:\/\/www.hamvasintezet.hu\/\",\"name\":\"Hankiss \u00c1gnes Int\u00e9zet\",\"description\":\"Hankiss \u00c1gnes Int\u00e9zet honlapja\",\"publisher\":{\"@id\":\"https:\/\/www.hamvasintezet.hu\/#organization\"},\"potentialAction\":[{\"@type\":\"SearchAction\",\"target\":{\"@type\":\"EntryPoint\",\"urlTemplate\":\"https:\/\/www.hamvasintezet.hu\/?s={search_term_string}\"},\"query-input\":{\"@type\":\"PropertyValueSpecification\",\"valueRequired\":true,\"valueName\":\"search_term_string\"}}],\"inLanguage\":\"en-US\"},{\"@type\":\"Organization\",\"@id\":\"https:\/\/www.hamvasintezet.hu\/#organization\",\"name\":\"Hankiss \u00c1gnes Int\u00e9zet\",\"url\":\"https:\/\/www.hamvasintezet.hu\/\",\"logo\":{\"@type\":\"ImageObject\",\"inLanguage\":\"en-US\",\"@id\":\"https:\/\/www.hamvasintezet.hu\/#\/schema\/logo\/image\/\",\"url\":\"https:\/\/www.hamvasintezet.hu\/wp-content\/uploads\/2022\/03\/hankissintezet_logo.png\",\"contentUrl\":\"https:\/\/www.hamvasintezet.hu\/wp-content\/uploads\/2022\/03\/hankissintezet_logo.png\",\"width\":125,\"height\":125,\"caption\":\"Hankiss \u00c1gnes Int\u00e9zet\"},\"image\":{\"@id\":\"https:\/\/www.hamvasintezet.hu\/#\/schema\/logo\/image\/\"}},{\"@type\":\"Person\",\"@id\":\"https:\/\/www.hamvasintezet.hu\/#\/schema\/person\/c5efa43fe479502dfb9257446bcb9f7f\",\"name\":\"benedict\",\"url\":\"https:\/\/www.hamvasintezet.hu\/en\/author\/benedict\/\"}]}<\/script>\n<!-- \/ Yoast SEO plugin. -->","yoast_head_json":{"title":"The situation of Transylvanian Hungarians between 1916 and 1919 - Hankiss \u00c1gnes Int\u00e9zet","robots":{"index":"index","follow":"follow","max-snippet":"max-snippet:-1","max-image-preview":"max-image-preview:large","max-video-preview":"max-video-preview:-1"},"canonical":"https:\/\/www.hamvasintezet.hu\/en\/the-situation-of-transylvanian-hungarians-between-1916-and-1919\/","og_locale":"en_US","og_type":"article","og_title":"The situation of Transylvanian Hungarians between 1916 and 1919 - Hankiss \u00c1gnes Int\u00e9zet","og_description":"The study gives a fascinating insight into the history of Transylvania in a changing world through church chronicles (\u201chistoria domus\u201d) [&hellip;]","og_url":"https:\/\/www.hamvasintezet.hu\/en\/the-situation-of-transylvanian-hungarians-between-1916-and-1919\/","og_site_name":"Hankiss \u00c1gnes Int\u00e9zet","article_published_time":"2018-10-02T11:56:37+00:00","article_modified_time":"2018-10-03T13:34:42+00:00","og_image":[{"width":241,"height":342,"url":"https:\/\/www.hamvasintezet.hu\/wp-content\/uploads\/2018\/10\/06409df82916518f41e31c526d9eab141378ab3c.jpg.jpg","type":"image\/jpeg"}],"author":"benedict","twitter_card":"summary_large_image","twitter_misc":{"Written by":"benedict"},"schema":{"@context":"https:\/\/schema.org","@graph":[{"@type":"Article","@id":"https:\/\/www.hamvasintezet.hu\/en\/the-situation-of-transylvanian-hungarians-between-1916-and-1919\/#article","isPartOf":{"@id":"https:\/\/www.hamvasintezet.hu\/en\/the-situation-of-transylvanian-hungarians-between-1916-and-1919\/"},"author":{"name":"benedict","@id":"https:\/\/www.hamvasintezet.hu\/#\/schema\/person\/c5efa43fe479502dfb9257446bcb9f7f"},"headline":"The situation of Transylvanian Hungarians between 1916 and 1919","datePublished":"2018-10-02T11:56:37+00:00","dateModified":"2018-10-03T13:34:42+00:00","mainEntityOfPage":{"@id":"https:\/\/www.hamvasintezet.hu\/en\/the-situation-of-transylvanian-hungarians-between-1916-and-1919\/"},"wordCount":89,"publisher":{"@id":"https:\/\/www.hamvasintezet.hu\/#organization"},"image":{"@id":"https:\/\/www.hamvasintezet.hu\/en\/the-situation-of-transylvanian-hungarians-between-1916-and-1919\/#primaryimage"},"thumbnailUrl":"https:\/\/www.hamvasintezet.hu\/wp-content\/uploads\/2018\/10\/06409df82916518f41e31c526d9eab141378ab3c.jpg.jpg","articleSection":["Books"],"inLanguage":"en-US"},{"@type":"WebPage","@id":"https:\/\/www.hamvasintezet.hu\/en\/the-situation-of-transylvanian-hungarians-between-1916-and-1919\/","url":"https:\/\/www.hamvasintezet.hu\/en\/the-situation-of-transylvanian-hungarians-between-1916-and-1919\/","name":"The situation of Transylvanian Hungarians between 1916 and 1919 - Hankiss \u00c1gnes Int\u00e9zet","isPartOf":{"@id":"https:\/\/www.hamvasintezet.hu\/#website"},"primaryImageOfPage":{"@id":"https:\/\/www.hamvasintezet.hu\/en\/the-situation-of-transylvanian-hungarians-between-1916-and-1919\/#primaryimage"},"image":{"@id":"https:\/\/www.hamvasintezet.hu\/en\/the-situation-of-transylvanian-hungarians-between-1916-and-1919\/#primaryimage"},"thumbnailUrl":"https:\/\/www.hamvasintezet.hu\/wp-content\/uploads\/2018\/10\/06409df82916518f41e31c526d9eab141378ab3c.jpg.jpg","datePublished":"2018-10-02T11:56:37+00:00","dateModified":"2018-10-03T13:34:42+00:00","breadcrumb":{"@id":"https:\/\/www.hamvasintezet.hu\/en\/the-situation-of-transylvanian-hungarians-between-1916-and-1919\/#breadcrumb"},"inLanguage":"en-US","potentialAction":[{"@type":"ReadAction","target":["https:\/\/www.hamvasintezet.hu\/en\/the-situation-of-transylvanian-hungarians-between-1916-and-1919\/"]}]},{"@type":"ImageObject","inLanguage":"en-US","@id":"https:\/\/www.hamvasintezet.hu\/en\/the-situation-of-transylvanian-hungarians-between-1916-and-1919\/#primaryimage","url":"https:\/\/www.hamvasintezet.hu\/wp-content\/uploads\/2018\/10\/06409df82916518f41e31c526d9eab141378ab3c.jpg.jpg","contentUrl":"https:\/\/www.hamvasintezet.hu\/wp-content\/uploads\/2018\/10\/06409df82916518f41e31c526d9eab141378ab3c.jpg.jpg","width":241,"height":342},{"@type":"BreadcrumbList","@id":"https:\/\/www.hamvasintezet.hu\/en\/the-situation-of-transylvanian-hungarians-between-1916-and-1919\/#breadcrumb","itemListElement":[{"@type":"ListItem","position":1,"name":"Home","item":"https:\/\/www.hamvasintezet.hu\/en\/"},{"@type":"ListItem","position":2,"name":"The situation of Transylvanian Hungarians between 1916 and 1919"}]},{"@type":"WebSite","@id":"https:\/\/www.hamvasintezet.hu\/#website","url":"https:\/\/www.hamvasintezet.hu\/","name":"Hankiss \u00c1gnes Int\u00e9zet","description":"Hankiss \u00c1gnes Int\u00e9zet honlapja","publisher":{"@id":"https:\/\/www.hamvasintezet.hu\/#organization"},"potentialAction":[{"@type":"SearchAction","target":{"@type":"EntryPoint","urlTemplate":"https:\/\/www.hamvasintezet.hu\/?s={search_term_string}"},"query-input":{"@type":"PropertyValueSpecification","valueRequired":true,"valueName":"search_term_string"}}],"inLanguage":"en-US"},{"@type":"Organization","@id":"https:\/\/www.hamvasintezet.hu\/#organization","name":"Hankiss \u00c1gnes Int\u00e9zet","url":"https:\/\/www.hamvasintezet.hu\/","logo":{"@type":"ImageObject","inLanguage":"en-US","@id":"https:\/\/www.hamvasintezet.hu\/#\/schema\/logo\/image\/","url":"https:\/\/www.hamvasintezet.hu\/wp-content\/uploads\/2022\/03\/hankissintezet_logo.png","contentUrl":"https:\/\/www.hamvasintezet.hu\/wp-content\/uploads\/2022\/03\/hankissintezet_logo.png","width":125,"height":125,"caption":"Hankiss \u00c1gnes Int\u00e9zet"},"image":{"@id":"https:\/\/www.hamvasintezet.hu\/#\/schema\/logo\/image\/"}},{"@type":"Person","@id":"https:\/\/www.hamvasintezet.hu\/#\/schema\/person\/c5efa43fe479502dfb9257446bcb9f7f","name":"benedict","url":"https:\/\/www.hamvasintezet.hu\/en\/author\/benedict\/"}]}},"_links":{"self":[{"href":"https:\/\/www.hamvasintezet.hu\/en\/wp-json\/wp\/v2\/posts\/1104","targetHints":{"allow":["GET"]}}],"collection":[{"href":"https:\/\/www.hamvasintezet.hu\/en\/wp-json\/wp\/v2\/posts"}],"about":[{"href":"https:\/\/www.hamvasintezet.hu\/en\/wp-json\/wp\/v2\/types\/post"}],"author":[{"embeddable":true,"href":"https:\/\/www.hamvasintezet.hu\/en\/wp-json\/wp\/v2\/users\/1"}],"replies":[{"embeddable":true,"href":"https:\/\/www.hamvasintezet.hu\/en\/wp-json\/wp\/v2\/comments?post=1104"}],"version-history":[{"count":2,"href":"https:\/\/www.hamvasintezet.hu\/en\/wp-json\/wp\/v2\/posts\/1104\/revisions"}],"predecessor-version":[{"id":1106,"href":"https:\/\/www.hamvasintezet.hu\/en\/wp-json\/wp\/v2\/posts\/1104\/revisions\/1106"}],"wp:featuredmedia":[{"embeddable":true,"href":"https:\/\/www.hamvasintezet.hu\/en\/wp-json\/wp\/v2\/media\/922"}],"wp:attachment":[{"href":"https:\/\/www.hamvasintezet.hu\/en\/wp-json\/wp\/v2\/media?parent=1104"}],"wp:term":[{"taxonomy":"category","embeddable":true,"href":"https:\/\/www.hamvasintezet.hu\/en\/wp-json\/wp\/v2\/categories?post=1104"},{"taxonomy":"post_tag","embeddable":true,"href":"https:\/\/www.hamvasintezet.hu\/en\/wp-json\/wp\/v2\/tags?post=1104"}],"curies":[{"name":"wp","href":"https:\/\/api.w.org\/{rel}","templated":true}]}}